{"id":422,"date":"2022-11-25T15:32:13","date_gmt":"2022-11-25T15:32:13","guid":{"rendered":"https:\/\/jfreguesiavimeiro.pt\/?p=422"},"modified":"2022-11-25T16:07:00","modified_gmt":"2022-11-25T16:07:00","slug":"concursos-pessoal-procedimento-concursal-2022-2","status":"publish","type":"post","link":"https:\/\/jfreguesiavimeiro.pt\/?p=422","title":{"rendered":"Concursos Pessoal \u2013 Procedimento Concursal 25 Novembro 2022"},"content":{"rendered":"\n<p>Procedimentos concursais comuns para ocupa\u00e7\u00e3o de 1 posto de trabalho, previsto e n\u00e3o ocupados no Mapa de Pessoal da Freguesia de Vimeiro na modalidade de contrato de trabalho em fun\u00e7\u00f5es p\u00fablicas na \u00e1rea de assistente t\u00e9cnico.<\/p>\n\n\n\n<p><\/p>\n\n\n\n<p>Consulte o edital <a href=\"https:\/\/jfreguesiavimeiro.pt\/?page_id=27\" data-type=\"page\" data-id=\"27\">aqui<\/a> <\/p>\n","protected":false},"excerpt":{"rendered":"<p>Procedimentos concursais comuns para ocupa\u00e7\u00e3o de 1 posto de trabalho<\/p>\n","protected":false},"author":2,"featured_media":438,"comment_status":"closed","ping_status":"closed","sticky":false,"template":"","format":"standard","meta":{"footnotes":""},"categories":[1],"tags":[],"class_list":["post-422","post","type-post","status-publish","format-standard","has-post-thumbnail","hentry","category-sem-categoria"],"_links":{"self":[{"href":"https:\/\/jfreguesiavimeiro.pt\/index.php?rest_route=\/wp\/v2\/posts\/422","targetHints":{"allow":["GET"]}}],"collection":[{"href":"https:\/\/jfreguesiavimeiro.pt\/index.php?rest_route=\/wp\/v2\/posts"}],"about":[{"href":"https:\/\/jfreguesiavimeiro.pt\/index.php?rest_route=\/wp\/v2\/types\/post"}],"author":[{"embeddable":true,"href":"https:\/\/jfreguesiavimeiro.pt\/index.php?rest_route=\/wp\/v2\/users\/2"}],"replies":[{"embeddable":true,"href":"https:\/\/jfreguesiavimeiro.pt\/index.php?rest_route=%2Fwp%2Fv2%2Fcomments&post=422"}],"version-history":[{"count":4,"href":"https:\/\/jfreguesiavimeiro.pt\/index.php?rest_route=\/wp\/v2\/posts\/422\/revisions"}],"predecessor-version":[{"id":436,"href":"https:\/\/jfreguesiavimeiro.pt\/index.php?rest_route=\/wp\/v2\/posts\/422\/revisions\/436"}],"wp:featuredmedia":[{"embeddable":true,"href":"https:\/\/jfreguesiavimeiro.pt\/index.php?rest_route=\/wp\/v2\/media\/438"}],"wp:attachment":[{"href":"https:\/\/jfreguesiavimeiro.pt\/index.php?rest_route=%2Fwp%2Fv2%2Fmedia&parent=422"}],"wp:term":[{"taxonomy":"category","embeddable":true,"href":"https:\/\/jfreguesiavimeiro.pt\/index.php?rest_route=%2Fwp%2Fv2%2Fcategories&post=422"},{"taxonomy":"post_tag","embeddable":true,"href":"https:\/\/jfreguesiavimeiro.pt\/index.php?rest_route=%2Fwp%2Fv2%2Ftags&post=422"}],"curies":[{"name":"wp","href":"https:\/\/api.w.org\/{rel}","templated":true}]}}