{"id":411,"date":"2022-10-07T16:47:46","date_gmt":"2022-10-07T15:47:46","guid":{"rendered":"https:\/\/jfreguesiavimeiro.pt\/?p=411"},"modified":"2022-11-25T15:34:53","modified_gmt":"2022-11-25T15:34:53","slug":"concursos-pessoal-procedimento-concursal-2022","status":"publish","type":"post","link":"https:\/\/jfreguesiavimeiro.pt\/?p=411","title":{"rendered":"Concursos Pessoal \u2013 Procedimento Concursal 7 Outubro 2022"},"content":{"rendered":"\n<p>Procedimentos concursais comuns para ocupa\u00e7\u00e3o de 1 posto de trabalho, previsto e n\u00e3o ocupados no Mapa de Pessoal da Freguesia de Vimeiro na modalidade de contrato de trabalho em fun\u00e7\u00f5es p\u00fablicas.<\/p>\n\n\n\n<p><\/p>\n\n\n\n<p>Consulte o edital <a href=\"https:\/\/jfreguesiavimeiro.pt\/?page_id=27\" data-type=\"page\" data-id=\"27\">aqui<\/a> <\/p>\n","protected":false},"excerpt":{"rendered":"<p>Procedimentos concursais comuns para ocupa\u00e7\u00e3o de 1 posto de trabalho<\/p>\n","protected":false},"author":2,"featured_media":416,"comment_status":"closed","ping_status":"closed","sticky":false,"template":"","format":"standard","meta":{"footnotes":""},"categories":[1],"tags":[],"class_list":["post-411","post","type-post","status-publish","format-standard","has-post-thumbnail","hentry","category-sem-categoria"],"_links":{"self":[{"href":"https:\/\/jfreguesiavimeiro.pt\/index.php?rest_route=\/wp\/v2\/posts\/411","targetHints":{"allow":["GET"]}}],"collection":[{"href":"https:\/\/jfreguesiavimeiro.pt\/index.php?rest_route=\/wp\/v2\/posts"}],"about":[{"href":"https:\/\/jfreguesiavimeiro.pt\/index.php?rest_route=\/wp\/v2\/types\/post"}],"author":[{"embeddable":true,"href":"https:\/\/jfreguesiavimeiro.pt\/index.php?rest_route=\/wp\/v2\/users\/2"}],"replies":[{"embeddable":true,"href":"https:\/\/jfreguesiavimeiro.pt\/index.php?rest_route=%2Fwp%2Fv2%2Fcomments&post=411"}],"version-history":[{"count":5,"href":"https:\/\/jfreguesiavimeiro.pt\/index.php?rest_route=\/wp\/v2\/posts\/411\/revisions"}],"predecessor-version":[{"id":427,"href":"https:\/\/jfreguesiavimeiro.pt\/index.php?rest_route=\/wp\/v2\/posts\/411\/revisions\/427"}],"wp:featuredmedia":[{"embeddable":true,"href":"https:\/\/jfreguesiavimeiro.pt\/index.php?rest_route=\/wp\/v2\/media\/416"}],"wp:attachment":[{"href":"https:\/\/jfreguesiavimeiro.pt\/index.php?rest_route=%2Fwp%2Fv2%2Fmedia&parent=411"}],"wp:term":[{"taxonomy":"category","embeddable":true,"href":"https:\/\/jfreguesiavimeiro.pt\/index.php?rest_route=%2Fwp%2Fv2%2Fcategories&post=411"},{"taxonomy":"post_tag","embeddable":true,"href":"https:\/\/jfreguesiavimeiro.pt\/index.php?rest_route=%2Fwp%2Fv2%2Ftags&post=411"}],"curies":[{"name":"wp","href":"https:\/\/api.w.org\/{rel}","templated":true}]}}